{"id":1779,"date":"2018-10-10T14:03:06","date_gmt":"2018-10-10T17:03:06","guid":{"rendered":"https:\/\/www.cheticampfuneralservices.ca\/?p=1779"},"modified":"2018-10-13T12:11:08","modified_gmt":"2018-10-13T15:11:08","slug":"victor-daniel-aucoin","status":"publish","type":"post","link":"https:\/\/www.cheticampfuneralservices.ca\/en\/victor-daniel-aucoin\/","title":{"rendered":"&#8220;Victor&#8221; Daniel Aucoin"},"content":{"rendered":"<p>It is with deep sadness that we announce the passing of Victor Aucoin of Ch\u00e9ticamp, formerly of Grand Etang at the age of 75 which occurred on Wednesday, October 10th, 2018 in the Inverary Manor, Inverness. Born in Ch\u00e9ticamp, he was the son of the late Johnny \u00e0 John and Laura (Cormier) Aucoin. Victor was a devoted provider for his family who enjoyed singing and playing the guitar, especially at l\u2019AMAC on Tuesday nights. He was an auto mechanic at his \u201cTexaco\u201d garage for many years among many other jobs. He was a volunteer fireman for the Lemoine Fire Department and a member of the K.O.C., Council # 3850. He volunteered for many community organizations. He is survived by his loving wife, Louise Anna Aucoin; sons, Vic Aucoin (Deb) , Adrien, R\u00e9mi (Sylvie) Aucoin; daughters, Micheline (Sandy) Ross, Victorine Roach (Robert), Debra (Robert) Doucet, Glenna (Gordon) Arsenault; brother, Maurice (Marcella) Aucoin; sisters, Corrine (Glen) Murdy, Jeanne Deveau, Laurel LeFort, Glenna Rainville (Conrad); grandchildren, Fabian, Kelton, R\u00e9n\u00e9e, Liam, C\u00e9line, Danelle, Dillon, Sawyer, Riley, Alyssa, Eddie; great-grandchild, Koster. He was predeceased by brother, Harvey; sisters, B\u00e9atrice Deveaux and L\u00e9a Caissie. Visitation will be held in Cheticamp Funeral Home on Sunday, October 14, with visiting hours from 7-9 p.m. Funeral mass will be celebrated on Monday, October 15th at 10:30 a.m. in \u00c9glise Saint Joseph, St. Joseph du Moine with Father Peter LeBlanc officiating. Burial to follow in the parish cemetery. Memorial donations may be made to the Alzheimer Society or to the Inverary Manor, 72 Maple St., Inverness, N.S., B0E-1N0. Funeral arrangements are under the direction of Cheticamp Funeral Services Ltd.<\/p>\n","protected":false},"excerpt":{"rendered":"<p>It is with deep sadness that we announce the passing of Victor Aucoin of Ch\u00e9ticamp, formerly of Grand Etang at the age of 75 which occurred on Wednesday, October 10th, 2018 in the Inverary Manor, Inverness. Born in Ch\u00e9ticamp, he was the son of the late Johnny \u00e0 John and Laura (Cormier) Aucoin. Victor was [&hellip;]<\/p>\n","protected":false},"author":2,"featured_media":0,"comment_status":"closed","ping_status":"closed","sticky":false,"template":"","format":"standard","meta":{"footnotes":""},"categories":[26],"tags":[],"class_list":["post-1779","post","type-post","status-publish","format-standard","hentry","category-non-classifiee"],"_links":{"self":[{"href":"https:\/\/www.cheticampfuneralservices.ca\/en\/wp-json\/wp\/v2\/posts\/1779","targetHints":{"allow":["GET"]}}],"collection":[{"href":"https:\/\/www.cheticampfuneralservices.ca\/en\/wp-json\/wp\/v2\/posts"}],"about":[{"href":"https:\/\/www.cheticampfuneralservices.ca\/en\/wp-json\/wp\/v2\/types\/post"}],"author":[{"embeddable":true,"href":"https:\/\/www.cheticampfuneralservices.ca\/en\/wp-json\/wp\/v2\/users\/2"}],"replies":[{"embeddable":true,"href":"https:\/\/www.cheticampfuneralservices.ca\/en\/wp-json\/wp\/v2\/comments?post=1779"}],"version-history":[{"count":0,"href":"https:\/\/www.cheticampfuneralservices.ca\/en\/wp-json\/wp\/v2\/posts\/1779\/revisions"}],"wp:attachment":[{"href":"https:\/\/www.cheticampfuneralservices.ca\/en\/wp-json\/wp\/v2\/media?parent=1779"}],"wp:term":[{"taxonomy":"category","embeddable":true,"href":"https:\/\/www.cheticampfuneralservices.ca\/en\/wp-json\/wp\/v2\/categories?post=1779"},{"taxonomy":"post_tag","embeddable":true,"href":"https:\/\/www.cheticampfuneralservices.ca\/en\/wp-json\/wp\/v2\/tags?post=1779"}],"curies":[{"name":"wp","href":"https:\/\/api.w.org\/{rel}","templated":true}]}}