{"id":3260,"date":"2022-06-20T12:39:05","date_gmt":"2022-06-20T15:39:05","guid":{"rendered":"https:\/\/www.cheticampfuneralservices.ca\/?p=3260"},"modified":"2022-06-24T06:41:15","modified_gmt":"2022-06-24T09:41:15","slug":"gerard-lelievre","status":"publish","type":"post","link":"https:\/\/www.cheticampfuneralservices.ca\/en\/gerard-lelievre\/","title":{"rendered":"Gerard LeLi\u00e8vre"},"content":{"rendered":"<p>Age 62, passed away on Monday, June 20, 2022 at Sacred Heart Community Health Centre, Cheticamp. He was the son to the late Ulysses and the late Phyllis (Bourgeois) LeLi\u00e8vre.<\/p>\n<p>Gerard is survived by his brothers, Clarence (Lola) LeLi\u00e8vre, Roland (Yvette) LeLi\u00e8vre; and sister, Sylvia LeLi\u00e8vre.<\/p>\n<p>There will be no visitation or funeral service.<\/p>\n<p>Memorial donations in Gerard\u2019s memory may be made to the Heart and Stroke Foundation.<\/p>\n<p>We want to thank the Paramedics, First Responders, hospital staff, and everyone who were very understanding and supportive. Also, special thanks to Georgina for her loving care and support for Gerard over the years\u2026.Grand Merci!<\/p>\n<p>Clarence, Roland, Sylvia, Lola, and Yvette.<\/p>\n<p>&nbsp;<\/p>\n","protected":false},"excerpt":{"rendered":"<p>Age 62, passed away on Monday, June 20, 2022 at Sacred Heart Community Health Centre, Cheticamp. He was the son to the late Ulysses and the late Phyllis (Bourgeois) LeLi\u00e8vre. Gerard is survived by his brothers, Clarence (Lola) LeLi\u00e8vre, Roland (Yvette) LeLi\u00e8vre; and sister, Sylvia LeLi\u00e8vre. There will be no visitation or funeral service. Memorial [&hellip;]<\/p>\n","protected":false},"author":3,"featured_media":3261,"comment_status":"open","ping_status":"closed","sticky":false,"template":"","format":"standard","meta":{"footnotes":""},"categories":[54],"tags":[],"class_list":["post-3260","post","type-post","status-publish","format-standard","has-post-thumbnail","hentry","category-obituaries"],"_links":{"self":[{"href":"https:\/\/www.cheticampfuneralservices.ca\/en\/wp-json\/wp\/v2\/posts\/3260","targetHints":{"allow":["GET"]}}],"collection":[{"href":"https:\/\/www.cheticampfuneralservices.ca\/en\/wp-json\/wp\/v2\/posts"}],"about":[{"href":"https:\/\/www.cheticampfuneralservices.ca\/en\/wp-json\/wp\/v2\/types\/post"}],"author":[{"embeddable":true,"href":"https:\/\/www.cheticampfuneralservices.ca\/en\/wp-json\/wp\/v2\/users\/3"}],"replies":[{"embeddable":true,"href":"https:\/\/www.cheticampfuneralservices.ca\/en\/wp-json\/wp\/v2\/comments?post=3260"}],"version-history":[{"count":0,"href":"https:\/\/www.cheticampfuneralservices.ca\/en\/wp-json\/wp\/v2\/posts\/3260\/revisions"}],"wp:featuredmedia":[{"embeddable":true,"href":"https:\/\/www.cheticampfuneralservices.ca\/en\/wp-json\/wp\/v2\/media\/3261"}],"wp:attachment":[{"href":"https:\/\/www.cheticampfuneralservices.ca\/en\/wp-json\/wp\/v2\/media?parent=3260"}],"wp:term":[{"taxonomy":"category","embeddable":true,"href":"https:\/\/www.cheticampfuneralservices.ca\/en\/wp-json\/wp\/v2\/categories?post=3260"},{"taxonomy":"post_tag","embeddable":true,"href":"https:\/\/www.cheticampfuneralservices.ca\/en\/wp-json\/wp\/v2\/tags?post=3260"}],"curies":[{"name":"wp","href":"https:\/\/api.w.org\/{rel}","templated":true}]}}