{"id":3299,"date":"2022-07-30T09:40:26","date_gmt":"2022-07-30T12:40:26","guid":{"rendered":"https:\/\/www.cheticampfuneralservices.ca\/?p=3299"},"modified":"2022-08-01T09:45:17","modified_gmt":"2022-08-01T12:45:17","slug":"alberthe-aucoin","status":"publish","type":"post","link":"https:\/\/www.cheticampfuneralservices.ca\/en\/alberthe-aucoin\/","title":{"rendered":"Alberthe AuCoin"},"content":{"rendered":"<p>It is with great sorrow and deep sadness that we announce the passing of our mother, Alberthe, on Saturday, July 30, 2022 at the age of 83. Alberte was a resident at Foyer P\u00e8re Fiset in Ch\u00e9ticamp.<\/p>\n<p>Alberthe was the daughter of the late Placide Chiasson and the late Hel\u00e8ne (Nell\u00e9e) LeFort. She is survived by her husband, Edmond; sons, Adalbert (Claudia) and Omer (Ang\u00e8le); grandchildren, Janelle (Patrick) an Christien (Megan); sister, Sophie Fulmer.<\/p>\n<p>Besides her parents, Alberthe was predeceased by her brothers, Arthur, George, John Joe, Daniel; sisters, Yvonne, Mildred and Leona.<\/p>\n<p>Alberthe was at her happiest in her kitchen, cooking and baking for her family. Her calling was to serve, first with taking care of her mother, her children as they were growing up and loving her grandchildren. Her favorite pastimes were word puzzles, keeping up with the news and walking. She especially loved reading The Inverness Oran front to back.<\/p>\n<p>Visitation for the late Alberthe AuCoin will be held in \u00c9glise Saint-Pierre, Ch\u00e9ticamp on Wednesday, August 3, 2022 from 9:30 to 10:30am followed by funeral mass at 10:30am with Father Pierre Antoine St. Cyr officiating. Interment in the parish cemetery. Memorial donations in memory of Alberthe may be made to Foyer P\u00e8re Fiset.<\/p>\n<p>&nbsp;<\/p>\n","protected":false},"excerpt":{"rendered":"<p>It is with great sorrow and deep sadness that we announce the passing of our mother, Alberthe, on Saturday, July 30, 2022 at the age of 83. Alberte was a resident at Foyer P\u00e8re Fiset in Ch\u00e9ticamp. Alberthe was the daughter of the late Placide Chiasson and the late Hel\u00e8ne (Nell\u00e9e) LeFort. She is survived [&hellip;]<\/p>\n","protected":false},"author":3,"featured_media":3300,"comment_status":"open","ping_status":"closed","sticky":false,"template":"","format":"standard","meta":{"footnotes":""},"categories":[54],"tags":[],"class_list":["post-3299","post","type-post","status-publish","format-standard","has-post-thumbnail","hentry","category-obituaries"],"_links":{"self":[{"href":"https:\/\/www.cheticampfuneralservices.ca\/en\/wp-json\/wp\/v2\/posts\/3299","targetHints":{"allow":["GET"]}}],"collection":[{"href":"https:\/\/www.cheticampfuneralservices.ca\/en\/wp-json\/wp\/v2\/posts"}],"about":[{"href":"https:\/\/www.cheticampfuneralservices.ca\/en\/wp-json\/wp\/v2\/types\/post"}],"author":[{"embeddable":true,"href":"https:\/\/www.cheticampfuneralservices.ca\/en\/wp-json\/wp\/v2\/users\/3"}],"replies":[{"embeddable":true,"href":"https:\/\/www.cheticampfuneralservices.ca\/en\/wp-json\/wp\/v2\/comments?post=3299"}],"version-history":[{"count":0,"href":"https:\/\/www.cheticampfuneralservices.ca\/en\/wp-json\/wp\/v2\/posts\/3299\/revisions"}],"wp:featuredmedia":[{"embeddable":true,"href":"https:\/\/www.cheticampfuneralservices.ca\/en\/wp-json\/wp\/v2\/media\/3300"}],"wp:attachment":[{"href":"https:\/\/www.cheticampfuneralservices.ca\/en\/wp-json\/wp\/v2\/media?parent=3299"}],"wp:term":[{"taxonomy":"category","embeddable":true,"href":"https:\/\/www.cheticampfuneralservices.ca\/en\/wp-json\/wp\/v2\/categories?post=3299"},{"taxonomy":"post_tag","embeddable":true,"href":"https:\/\/www.cheticampfuneralservices.ca\/en\/wp-json\/wp\/v2\/tags?post=3299"}],"curies":[{"name":"wp","href":"https:\/\/api.w.org\/{rel}","templated":true}]}}